{"id":1766,"date":"2015-04-27T12:59:33","date_gmt":"2015-04-27T11:59:33","guid":{"rendered":"http:\/\/combi.outils-conviviaux.fr\/?p=1766"},"modified":"2021-04-27T13:05:31","modified_gmt":"2021-04-27T12:05:31","slug":"stages-ete-pour-lecole-de-vtt-2","status":"publish","type":"post","link":"https:\/\/www.vttchartreuse.fr\/index.php\/2015\/04\/27\/stages-ete-pour-lecole-de-vtt-2\/","title":{"rendered":"Stages \u00e9t\u00e9 pour l&rsquo;\u00e9cole de VTT"},"content":{"rendered":"\n<p><strong>Stages Jeunes Deux stages pour les jeunes de l&rsquo;\u00e9cole de VTT, ouverts \u00e9galement aux ext\u00e9rieurs.<\/strong><\/p>\n\n\n\n<p><strong>Encore des stages \u00e0 venir en 2015, les infos sur les dates bient\u00f4t ici.<\/strong><\/p>\n\n\n\n<p><strong>pour les jeunes de 08 \u00e0 11 ans<\/strong>, <strong>du 08 au 09 Juillet<\/strong>.1 jour en Station au col de l&rsquo;Arzelier, et 1 jour en Chartreuse sur nos sites VTT. Un stage technique orient\u00e9 initiation descente et pilotage. Remont\u00e9es m\u00e9canique, et transport compris. Sans h\u00e9bergement, pique nique sorti du sac chaque jour.<\/p>\n\n\n\n<p><strong>pour les 12-17 ans<\/strong>, aux Gets sur le magnifique site des portes du soleil, 4 jours du 07 au 10 juillet. Un stage orient\u00e9 descente et enduro sur un site magnifique \u00e9quip\u00e9 de pistes de descente, et de sentiers de montagne.Les jeunes alternerons les 1\/2 journ\u00e9es descente et les parcours descendant en montagne.<\/p>\n\n\n\n<p>Activit\u00e9s ludiques et de d\u00e9tente en fin de journ\u00e9e, baignade\u2026 Un stage ouvert aux jeunes de 12 \u00e0 17 ans. Compris: Logement, nourriture, remont\u00e9es m\u00e9caniques.<\/p>\n\n\n\n<p>Non compris : assurance rapatriement (en sus), encas. Transport par v\u00e9hicules perso ou transports en communs jusqu&rsquo;\u00e0 la station.<\/p>\n\n\n\n<p><strong>Tarifs :<\/strong><\/p>\n\n\n\n<p><strong>Membres \u00c9cole de VTT<\/strong> :<\/p>\n\n\n\n<ul class=\"wp-block-list\"><li>2 jours jeunes Chartreuse et col de l&rsquo;Arzelier :89\u20ac<\/li><li>4 jours Station les Gets : 269\u20ac<\/li><\/ul>\n\n\n\n<p><strong>Ext\u00e9rieurs <\/strong>:<\/p>\n\n\n\n<ul class=\"wp-block-list\"><li>2 jours jeunes Chartreuse et col de l&rsquo;Arzelier : 142\u20ac<\/li><li>4 jours station les Gets : 420\u20ac<\/li><\/ul>\n\n\n\n<p><strong>Si vous \u00eates int\u00e9ress\u00e9 <a href=\"mailto:francis.dujardin38@gmail.com?subject=Inscription stage VTT\">\u00e9cirvez nous<\/a><\/strong><\/p>\n<div class=\"pvc_clear\"><\/div><p id=\"pvc_stats_1766\" class=\"pvc_stats all  \" data-element-id=\"1766\" style=\"\"><i class=\"pvc-stats-icon medium\" aria-hidden=\"true\"><svg aria-hidden=\"true\" focusable=\"false\" data-prefix=\"far\" data-icon=\"chart-bar\" role=\"img\" xmlns=\"http:\/\/www.w3.org\/2000\/svg\" viewBox=\"0 0 512 512\" class=\"svg-inline--fa fa-chart-bar fa-w-16 fa-2x\"><path fill=\"currentColor\" d=\"M396.8 352h22.4c6.4 0 12.8-6.4 12.8-12.8V108.8c0-6.4-6.4-12.8-12.8-12.8h-22.4c-6.4 0-12.8 6.4-12.8 12.8v230.4c0 6.4 6.4 12.8 12.8 12.8zm-192 0h22.4c6.4 0 12.8-6.4 12.8-12.8V140.8c0-6.4-6.4-12.8-12.8-12.8h-22.4c-6.4 0-12.8 6.4-12.8 12.8v198.4c0 6.4 6.4 12.8 12.8 12.8zm96 0h22.4c6.4 0 12.8-6.4 12.8-12.8V204.8c0-6.4-6.4-12.8-12.8-12.8h-22.4c-6.4 0-12.8 6.4-12.8 12.8v134.4c0 6.4 6.4 12.8 12.8 12.8zM496 400H48V80c0-8.84-7.16-16-16-16H16C7.16 64 0 71.16 0 80v336c0 17.67 14.33 32 32 32h464c8.84 0 16-7.16 16-16v-16c0-8.84-7.16-16-16-16zm-387.2-48h22.4c6.4 0 12.8-6.4 12.8-12.8v-70.4c0-6.4-6.4-12.8-12.8-12.8h-22.4c-6.4 0-12.8 6.4-12.8 12.8v70.4c0 6.4 6.4 12.8 12.8 12.8z\" class=\"\"><\/path><\/svg><\/i> <img loading=\"lazy\" decoding=\"async\" width=\"16\" height=\"16\" alt=\"Loading\" src=\"https:\/\/www.vttchartreuse.fr\/wp-content\/plugins\/page-views-count\/ajax-loader-2x.gif\" border=0 \/><\/p><div class=\"pvc_clear\"><\/div>","protected":false},"excerpt":{"rendered":"<p>Stages Jeunes Deux stages pour les jeunes de l&rsquo;\u00e9cole de VTT, ouverts \u00e9galement aux ext\u00e9rieurs. Encore des stages \u00e0 venir en 2015, les infos sur les dates bient\u00f4t ici. pour les jeunes de 08 \u00e0 11 ans, du 08 au 09 Juillet.1 jour en Station au col de l&rsquo;Arzelier, et 1 jour en Chartreuse sur [&hellip;]<\/p>\n<div class=\"pvc_clear\"><\/div>\n<p id=\"pvc_stats_1766\" class=\"pvc_stats all  \" data-element-id=\"1766\" style=\"\"><i class=\"pvc-stats-icon medium\" aria-hidden=\"true\"><svg aria-hidden=\"true\" focusable=\"false\" data-prefix=\"far\" data-icon=\"chart-bar\" role=\"img\" xmlns=\"http:\/\/www.w3.org\/2000\/svg\" viewBox=\"0 0 512 512\" class=\"svg-inline--fa fa-chart-bar fa-w-16 fa-2x\"><path fill=\"currentColor\" d=\"M396.8 352h22.4c6.4 0 12.8-6.4 12.8-12.8V108.8c0-6.4-6.4-12.8-12.8-12.8h-22.4c-6.4 0-12.8 6.4-12.8 12.8v230.4c0 6.4 6.4 12.8 12.8 12.8zm-192 0h22.4c6.4 0 12.8-6.4 12.8-12.8V140.8c0-6.4-6.4-12.8-12.8-12.8h-22.4c-6.4 0-12.8 6.4-12.8 12.8v198.4c0 6.4 6.4 12.8 12.8 12.8zm96 0h22.4c6.4 0 12.8-6.4 12.8-12.8V204.8c0-6.4-6.4-12.8-12.8-12.8h-22.4c-6.4 0-12.8 6.4-12.8 12.8v134.4c0 6.4 6.4 12.8 12.8 12.8zM496 400H48V80c0-8.84-7.16-16-16-16H16C7.16 64 0 71.16 0 80v336c0 17.67 14.33 32 32 32h464c8.84 0 16-7.16 16-16v-16c0-8.84-7.16-16-16-16zm-387.2-48h22.4c6.4 0 12.8-6.4 12.8-12.8v-70.4c0-6.4-6.4-12.8-12.8-12.8h-22.4c-6.4 0-12.8 6.4-12.8 12.8v70.4c0 6.4 6.4 12.8 12.8 12.8z\" class=\"\"><\/path><\/svg><\/i> <img loading=\"lazy\" decoding=\"async\" width=\"16\" height=\"16\" alt=\"Loading\" src=\"https:\/\/www.vttchartreuse.fr\/wp-content\/plugins\/page-views-count\/ajax-loader-2x.gif\" border=0 \/><\/p>\n<div class=\"pvc_clear\"><\/div>\n","protected":false},"author":2,"featured_media":0,"comment_status":"closed","ping_status":"closed","sticky":false,"template":"","format":"standard","meta":{"footnotes":""},"categories":[5,6,3],"tags":[],"class_list":["post-1766","post","type-post","status-publish","format-standard","hentry","category-ecole-de-vtt","category-ici-on-roule","category-sorties"],"a3_pvc":{"activated":true,"total_views":445,"today_views":0},"_links":{"self":[{"href":"https:\/\/www.vttchartreuse.fr\/index.php\/wp-json\/wp\/v2\/posts\/1766","targetHints":{"allow":["GET"]}}],"collection":[{"href":"https:\/\/www.vttchartreuse.fr\/index.php\/wp-json\/wp\/v2\/posts"}],"about":[{"href":"https:\/\/www.vttchartreuse.fr\/index.php\/wp-json\/wp\/v2\/types\/post"}],"author":[{"embeddable":true,"href":"https:\/\/www.vttchartreuse.fr\/index.php\/wp-json\/wp\/v2\/users\/2"}],"replies":[{"embeddable":true,"href":"https:\/\/www.vttchartreuse.fr\/index.php\/wp-json\/wp\/v2\/comments?post=1766"}],"version-history":[{"count":0,"href":"https:\/\/www.vttchartreuse.fr\/index.php\/wp-json\/wp\/v2\/posts\/1766\/revisions"}],"wp:attachment":[{"href":"https:\/\/www.vttchartreuse.fr\/index.php\/wp-json\/wp\/v2\/media?parent=1766"}],"wp:term":[{"taxonomy":"category","embeddable":true,"href":"https:\/\/www.vttchartreuse.fr\/index.php\/wp-json\/wp\/v2\/categories?post=1766"},{"taxonomy":"post_tag","embeddable":true,"href":"https:\/\/www.vttchartreuse.fr\/index.php\/wp-json\/wp\/v2\/tags?post=1766"}],"curies":[{"name":"wp","href":"https:\/\/api.w.org\/{rel}","templated":true}]}}