{"id":10690,"date":"2026-09-06T10:57:00","date_gmt":"2026-09-06T08:57:00","guid":{"rendered":"https:\/\/www.vttchartreuse.fr\/?p=10690"},"modified":"2026-09-04T11:00:28","modified_gmt":"2026-09-04T09:00:28","slug":"inscrivez-vous-comme-benevole-pour-soutenir-le-club","status":"publish","type":"post","link":"https:\/\/www.vttchartreuse.fr\/index.php\/2026\/09\/06\/inscrivez-vous-comme-benevole-pour-soutenir-le-club\/","title":{"rendered":"Inscrivez vous comme b\u00e9n\u00e9vole pour soutenir le club"},"content":{"rendered":"\n<p class=\"wp-block-paragraph\">La vie de notre club ne serait pas la m\u00eame sans l&rsquo;aide des b\u00e9n\u00e9voles. Chaque ann\u00e9e, gr\u00e2ce \u00e0 l&rsquo;implication des parents, nous pouvons organiser des \u00e9v\u00e9nements de qualit\u00e9 et permettre \u00e0 nos jeunes pilotes de pratiquer leur passion dans les meilleures conditions.<\/p>\n\n\n\n<p class=\"wp-block-paragraph\">Cette saison, nous avons besoin de vous sur <strong>l&rsquo;organisation de la comp\u00e9tition TIDJV de Saint pierre de Chartreuse \u00e9v\u00e9nements<\/strong>.<\/p>\n\n\n\n<h2 class=\"wp-block-heading\">Le TDJV<\/h2>\n\n\n\n<p class=\"wp-block-paragraph\">Notre club organise un <strong>TDJV<\/strong> sur <strong>2 jours (un jour de pr\u00e9paration, un jour de comp\u00e9tition)<\/strong>. Pour que cette comp\u00e9tition se d\u00e9roule dans les meilleures conditions, de nombreux postes sont \u00e0 pourvoir : accueil, restauration, signaleurs, montage, d\u00e9montage, buvette, etc.<\/p>\n\n\n\n<h3 class=\"wp-block-heading\">Pour vous inscrire, rendez-vous sur le fichier partag\u00e9 :<\/h3>\n\n\n\n<ul class=\"wp-block-list\">\n<li class=\"has-light-green-cyan-background-color has-background\"><strong>Lien Drive :<\/strong>  <a href=\"https:\/\/docs.google.com\/spreadsheets\/d\/1co0X7y197LJIE_DsDEkYK_IheDabJ88h\/edit?usp=sharing&amp;ouid=106891157677507282802&amp;rtpof=true&amp;sd=true\">https:\/\/docs.google.com\/spreadsheets\/d\/1co0X7y197LJIE_DsDEkYK_IheDabJ88h\/edit?usp=sharing&amp;ouid=106891157677507282802&amp;rtpof=true&amp;sd=true<\/a><\/li>\n<\/ul>\n\n\n\n<p class=\"wp-block-paragraph\">Le fichier comporte <strong>3 onglets<\/strong>, un pour chaque moment de la comp\u00e9tition.<\/p>\n\n\n\n<p class=\"wp-block-paragraph\">Il vous suffit de :<\/p>\n\n\n\n<ul class=\"wp-block-list\">\n<li>choisir le ou les cr\u00e9neaux qui vous conviennent ;<\/li>\n\n\n\n<li>inscrire votre <strong>nom<\/strong>, votre <strong>adresse e-mail<\/strong> et votre <strong>num\u00e9ro de t\u00e9l\u00e9phone<\/strong> sur la ligne du poste choisi.<\/li>\n<\/ul>\n\n\n\n<blockquote class=\"wp-block-quote is-layout-flow wp-block-quote-is-layout-flow\">\n<p class=\"wp-block-paragraph\"><strong>Chaque poste, m\u00eame occup\u00e9 seulement quelques heures, contribue directement \u00e0 la r\u00e9ussite de nos \u00e9v\u00e9nements et permet \u00e0 nos jeunes de vivre de belles comp\u00e9titions dans les meilleures conditions.<\/strong><\/p>\n<\/blockquote>\n\n\n\n<h2 class=\"wp-block-heading\">Besoin d&rsquo;aide ? <\/h2>\n\n\n\n<p class=\"wp-block-paragraph\">Si vous avez besoin d&rsquo;aide pour vous inscrire , comprendre le fichier, etc.  N&rsquo;h\u00e9sitez pas \u00e0 contacter STEPHANE RIBAS au 06 37 54 32 75 ou par mail \u00e0 stephane@ribas.fr. Merci !<\/p>\n\n\n\n<hr class=\"wp-block-separator has-alpha-channel-opacity\"\/>\n\n\n\n<h2 class=\"wp-block-heading\">Ensemble, faisons vivre le club !<\/h2>\n\n\n\n<p class=\"wp-block-paragraph\">Merci \u00e0 toutes les familles qui prendront un moment pour donner un coup de main. C&rsquo;est gr\u00e2ce \u00e0 votre engagement que notre club continue de grandir et d&rsquo;offrir de beaux \u00e9v\u00e9nements \u00e0 nos jeunes v\u00e9t\u00e9tistes.<\/p>\n\n\n\n<p class=\"wp-block-paragraph\"><strong>Nous comptons sur vous !<\/strong> <\/p>\n","protected":false},"excerpt":{"rendered":"<p>La vie de notre club ne serait pas la m\u00eame sans l&rsquo;aide des b\u00e9n\u00e9voles. Chaque ann\u00e9e, gr\u00e2ce \u00e0 l&rsquo;implication des parents, nous pouvons organiser des \u00e9v\u00e9nements de qualit\u00e9 et permettre \u00e0 nos jeunes pilotes de pratiquer leur passion dans les meilleures conditions. Cette saison, nous avons besoin de vous sur l&rsquo;organisation de la comp\u00e9tition TIDJV [&hellip;]<\/p>\n","protected":false},"author":2,"featured_media":10419,"comment_status":"closed","ping_status":"open","sticky":false,"template":"","format":"standard","meta":{"footnotes":""},"categories":[97,5,7],"tags":[],"class_list":["post-10690","post","type-post","status-publish","format-standard","has-post-thumbnail","hentry","category-blog","category-ecole-de-vtt","category-evenements"],"a3_pvc":{"activated":false,"total_views":0,"today_views":0},"_links":{"self":[{"href":"https:\/\/www.vttchartreuse.fr\/index.php\/wp-json\/wp\/v2\/posts\/10690","targetHints":{"allow":["GET"]}}],"collection":[{"href":"https:\/\/www.vttchartreuse.fr\/index.php\/wp-json\/wp\/v2\/posts"}],"about":[{"href":"https:\/\/www.vttchartreuse.fr\/index.php\/wp-json\/wp\/v2\/types\/post"}],"author":[{"embeddable":true,"href":"https:\/\/www.vttchartreuse.fr\/index.php\/wp-json\/wp\/v2\/users\/2"}],"replies":[{"embeddable":true,"href":"https:\/\/www.vttchartreuse.fr\/index.php\/wp-json\/wp\/v2\/comments?post=10690"}],"version-history":[{"count":1,"href":"https:\/\/www.vttchartreuse.fr\/index.php\/wp-json\/wp\/v2\/posts\/10690\/revisions"}],"predecessor-version":[{"id":10691,"href":"https:\/\/www.vttchartreuse.fr\/index.php\/wp-json\/wp\/v2\/posts\/10690\/revisions\/10691"}],"wp:featuredmedia":[{"embeddable":true,"href":"https:\/\/www.vttchartreuse.fr\/index.php\/wp-json\/wp\/v2\/media\/10419"}],"wp:attachment":[{"href":"https:\/\/www.vttchartreuse.fr\/index.php\/wp-json\/wp\/v2\/media?parent=10690"}],"wp:term":[{"taxonomy":"category","embeddable":true,"href":"https:\/\/www.vttchartreuse.fr\/index.php\/wp-json\/wp\/v2\/categories?post=10690"},{"taxonomy":"post_tag","embeddable":true,"href":"https:\/\/www.vttchartreuse.fr\/index.php\/wp-json\/wp\/v2\/tags?post=10690"}],"curies":[{"name":"wp","href":"https:\/\/api.w.org\/{rel}","templated":true}]}}