{"id":10266,"date":"2026-04-27T10:39:18","date_gmt":"2026-04-27T08:39:18","guid":{"rendered":"https:\/\/www.vttchartreuse.fr\/?p=10266"},"modified":"2026-04-27T10:40:17","modified_gmt":"2026-04-27T08:40:17","slug":"vtt-des-eoliennes-podiums-pour-le-club-vtt-chartreuse","status":"publish","type":"post","link":"https:\/\/www.vttchartreuse.fr\/index.php\/2026\/04\/27\/vtt-des-eoliennes-podiums-pour-le-club-vtt-chartreuse\/","title":{"rendered":"VTT des \u00e9oliennes : Podiums pour le club VTT Chartreuse"},"content":{"rendered":"\n<p>Bonjour \u00e0 tous, <\/p>\n\n\n\n<p>St\u00e9phane, Marvin et Guillaume ont particip\u00e9 le 12 avril dernier \u00e0 l&rsquo;<strong>endurance VTT des \u00e9oliennes \u00e0 Saint-Georges-les-Bains dans le 07<\/strong>.<\/p>\n\n\n\n<p>Plusieurs formats de courses : solo, duo, VTAE. Nos 3 comp\u00e8res se sont inscrits sur le solo; une course de 3 heures non stop : <\/p>\n\n\n\n<ul class=\"wp-block-list\">\n<li>Boucle de 5 km pour 130 m de d\u00e9nivel\u00e9 \u00e0 faire le plus de fois possible\u00a0pendant 3 H. <\/li>\n\n\n\n<li>Une m\u00e9t\u00e9o vraiment pas terrible avec 7 \u00b0C, du vent et de la pluie, mais un parcours plut\u00f4t sympa avec pas mal de partie\u00a0en monotrace &#8211; descente &#8211; et une large piste qui permettait\u00a0les d\u00e9passements pour remonter. En gros, un circuit tr\u00e8s joueur !<\/li>\n<\/ul>\n\n\n\n<p><strong>Les r\u00e9sultats ?<\/strong><\/p>\n\n\n\n<ul class=\"wp-block-list\">\n<li><strong>Marvin termine premier au scratch<\/strong>, <\/li>\n\n\n\n<li>Guillaume fait <strong>second au scratch<\/strong> (avec 11 tours de circuits) et,<\/li>\n\n\n\n<li>St\u00e9phane a malheureusement cass\u00e9 la chaine dans la derni\u00e8re boucle (il \u00e9tait 8 i\u00e8me \u00e0 ce moment l\u00e0, ggrrrrrrrr &#8230;. mais rappelez vous, le VTT est un sport m\u00e9canique \ud83d\ude09 )<\/li>\n<\/ul>\n\n\n\n<p><strong>Bravo \u00e0 Marvin (il finit premier), Guillaume (2eme) et St\u00e9phane ! <\/strong><\/p>\n","protected":false},"excerpt":{"rendered":"<p>Bonjour \u00e0 tous, St\u00e9phane, Marvin et Guillaume ont particip\u00e9 le 12 avril dernier \u00e0 l&rsquo;endurance VTT des \u00e9oliennes \u00e0 Saint-Georges-les-Bains dans le 07. Plusieurs formats de courses : solo, duo, VTAE. Nos 3 comp\u00e8res se sont inscrits sur le solo; une course de 3 heures non stop : Les r\u00e9sultats ? Bravo \u00e0 Marvin (il [&hellip;]<\/p>\n","protected":false},"author":2,"featured_media":10268,"comment_status":"closed","ping_status":"open","sticky":false,"template":"","format":"standard","meta":{"footnotes":""},"categories":[97,4,8],"tags":[],"class_list":["post-10266","post","type-post","status-publish","format-standard","has-post-thumbnail","hentry","category-blog","category-courses","category-resultats"],"a3_pvc":{"activated":false,"total_views":0,"today_views":0},"_links":{"self":[{"href":"https:\/\/www.vttchartreuse.fr\/index.php\/wp-json\/wp\/v2\/posts\/10266","targetHints":{"allow":["GET"]}}],"collection":[{"href":"https:\/\/www.vttchartreuse.fr\/index.php\/wp-json\/wp\/v2\/posts"}],"about":[{"href":"https:\/\/www.vttchartreuse.fr\/index.php\/wp-json\/wp\/v2\/types\/post"}],"author":[{"embeddable":true,"href":"https:\/\/www.vttchartreuse.fr\/index.php\/wp-json\/wp\/v2\/users\/2"}],"replies":[{"embeddable":true,"href":"https:\/\/www.vttchartreuse.fr\/index.php\/wp-json\/wp\/v2\/comments?post=10266"}],"version-history":[{"count":3,"href":"https:\/\/www.vttchartreuse.fr\/index.php\/wp-json\/wp\/v2\/posts\/10266\/revisions"}],"predecessor-version":[{"id":10271,"href":"https:\/\/www.vttchartreuse.fr\/index.php\/wp-json\/wp\/v2\/posts\/10266\/revisions\/10271"}],"wp:featuredmedia":[{"embeddable":true,"href":"https:\/\/www.vttchartreuse.fr\/index.php\/wp-json\/wp\/v2\/media\/10268"}],"wp:attachment":[{"href":"https:\/\/www.vttchartreuse.fr\/index.php\/wp-json\/wp\/v2\/media?parent=10266"}],"wp:term":[{"taxonomy":"category","embeddable":true,"href":"https:\/\/www.vttchartreuse.fr\/index.php\/wp-json\/wp\/v2\/categories?post=10266"},{"taxonomy":"post_tag","embeddable":true,"href":"https:\/\/www.vttchartreuse.fr\/index.php\/wp-json\/wp\/v2\/tags?post=10266"}],"curies":[{"name":"wp","href":"https:\/\/api.w.org\/{rel}","templated":true}]}}